{"id":6077,"date":"2018-07-17T18:20:43","date_gmt":"2018-07-17T16:20:43","guid":{"rendered":"https:\/\/frequence-running.com\/blog\/?p=6077"},"modified":"2019-08-09T17:11:38","modified_gmt":"2019-08-09T15:11:38","slug":"course-automne-entrainement","status":"publish","type":"post","link":"https:\/\/frequence-running.com\/blog\/course-automne-entrainement\/","title":{"rendered":"Les courses \u00e0 ne pas louper cet automne !"},"content":{"rendered":"<p>L&rsquo;\u00e9t\u00e9 constitue le moment id\u00e9al pour pr\u00e9parer son objectif de rentr\u00e9e ou sa course de l&rsquo;automne. \u00c0 cette saison, les conditions climatiques sont g\u00e9n\u00e9ralement id\u00e9ales pour courir. Vous \u00eates nombreux \u00e0 d\u00e9marrer <a href=\"https:\/\/frequence-running.com\/running-app.html\"><strong>un plan d&rsquo;entra\u00eenement FREQUENCE Running<\/strong><\/a> pour arriver sereinement au d\u00e9part de votre prochaine course, dont voici notre s\u00e9lection !<\/p>\n<p><!--more--><\/p>\n<h3><a href=\"https:\/\/frequence-running.com\/blog\/lhistoire-de-course-mythique-paris-versailles\/\"><strong>Paris-Versailles &#8211; 29 septembre<\/strong><\/a><\/h3>\n<p><noscript><img class=\"size-full wp-image-6103\" src=\"https:\/\/frequence-running.com\/blog\/wp-content\/uploads\/2018\/07\/KMSP_JEAN_MARIE_HERVIOT_PV201611.jpg\" alt width=\"1000\" height=\"667\" srcset=\"https:\/\/frequence-running.com\/blog\/wp-content\/uploads\/2018\/07\/KMSP_JEAN_MARIE_HERVIOT_PV201611.jpg 1000w, https:\/\/frequence-running.com\/blog\/wp-content\/uploads\/2018\/07\/KMSP_JEAN_MARIE_HERVIOT_PV201611-300x200.jpg 300w, https:\/\/frequence-running.com\/blog\/wp-content\/uploads\/2018\/07\/KMSP_JEAN_MARIE_HERVIOT_PV201611-768x512.jpg 768w, https:\/\/frequence-running.com\/blog\/wp-content\/uploads\/2018\/07\/KMSP_JEAN_MARIE_HERVIOT_PV201611-900x600.jpg 900w\" sizes=\"(max-width: 1000px) 100vw, 1000px\"><\/noscript><img class=\"size-full wp-image-6103 lazyload\" src=\"data:image\/svg+xml,%3Csvg%20xmlns%3D%22http%3A%2F%2Fwww.w3.org%2F2000%2Fsvg%22%20viewBox%3D%220%200%201000%20667%22%3E%3C%2Fsvg%3E\" alt width=\"1000\" height=\"667\" srcset=\"data:image\/svg+xml,%3Csvg%20xmlns%3D%22http%3A%2F%2Fwww.w3.org%2F2000%2Fsvg%22%20viewBox%3D%220%200%201000%20667%22%3E%3C%2Fsvg%3E 1000w\" sizes=\"(max-width: 1000px) 100vw, 1000px\" data-srcset=\"https:\/\/frequence-running.com\/blog\/wp-content\/uploads\/2018\/07\/KMSP_JEAN_MARIE_HERVIOT_PV201611.jpg 1000w, https:\/\/frequence-running.com\/blog\/wp-content\/uploads\/2018\/07\/KMSP_JEAN_MARIE_HERVIOT_PV201611-300x200.jpg 300w, https:\/\/frequence-running.com\/blog\/wp-content\/uploads\/2018\/07\/KMSP_JEAN_MARIE_HERVIOT_PV201611-768x512.jpg 768w, https:\/\/frequence-running.com\/blog\/wp-content\/uploads\/2018\/07\/KMSP_JEAN_MARIE_HERVIOT_PV201611-900x600.jpg 900w\" data-src=\"https:\/\/frequence-running.com\/blog\/wp-content\/uploads\/2018\/07\/KMSP_JEAN_MARIE_HERVIOT_PV201611.jpg\"><\/p>\n<p>Une grande classique de la rentr\u00e9e pour les franciliens, cette course est une <strong><a href=\"https:\/\/frequence-running.com\/blog\/lhistoire-de-course-mythique-paris-versailles\/\">v\u00e9ritable&nbsp;tradition depuis d\u00e9j\u00e0&nbsp;1976<\/a><\/strong>. Elle est r\u00e9put\u00e9e pour son parcours et sa longue c\u00f4te de 2 kilom\u00e8tre avec une pente situ\u00e9e entre 7% \u00e0 9%, la fameuse \u00ab&nbsp;c\u00f4te des gardes&nbsp;\u00bb. Accrochez-vous !<\/p>\n<h3><strong>Run In Lyon &#8211; 7 octobre<\/strong><\/h3>\n<p><noscript><img class=\"aligncenter wp-image-10204 size-full\" src=\"https:\/\/frequence-running.com\/blog\/wp-content\/uploads\/2018\/07\/Run-in-lyon.png\" alt width=\"700\" height=\"465\" srcset=\"https:\/\/frequence-running.com\/blog\/wp-content\/uploads\/2018\/07\/Run-in-lyon.png 700w, https:\/\/frequence-running.com\/blog\/wp-content\/uploads\/2018\/07\/Run-in-lyon-300x199.png 300w\" sizes=\"(max-width: 700px) 100vw, 700px\"><\/noscript><img class=\"aligncenter wp-image-10204 size-full lazyload\" src=\"data:image\/svg+xml,%3Csvg%20xmlns%3D%22http%3A%2F%2Fwww.w3.org%2F2000%2Fsvg%22%20viewBox%3D%220%200%20700%20465%22%3E%3C%2Fsvg%3E\" alt width=\"700\" height=\"465\" srcset=\"data:image\/svg+xml,%3Csvg%20xmlns%3D%22http%3A%2F%2Fwww.w3.org%2F2000%2Fsvg%22%20viewBox%3D%220%200%20700%20465%22%3E%3C%2Fsvg%3E 700w\" sizes=\"(max-width: 700px) 100vw, 700px\" data-srcset=\"https:\/\/frequence-running.com\/blog\/wp-content\/uploads\/2018\/07\/Run-in-lyon.png 700w, https:\/\/frequence-running.com\/blog\/wp-content\/uploads\/2018\/07\/Run-in-lyon-300x199.png 300w\" data-src=\"https:\/\/frequence-running.com\/blog\/wp-content\/uploads\/2018\/07\/Run-in-lyon.png\"><\/p>\n<p>L&rsquo;un des grands rendez-vous running en ce d\u00e9but du mois d&rsquo;octobre vous emm\u00e8nera \u00e0 Lyon pour participer \u00e0 la Run In Lyon !&nbsp;Avec un \u0440\u0430rc\u043eurs propice \u00e0 la performance, vous saurez appr\u00e9cier l\u0435 \u0440\u0430tr\u0456m\u043e\u0456n\u0435 cultur\u0435l \u0435t l&rsquo;\u0435nv\u0456r\u043enn\u0435m\u0435nt n\u0430tur\u0435l d\u0435 l\u0430 v\u0456ll\u0435. Les marathoniens pourront notamment d\u00e9couvrir l\u0435s \u0440lus b\u0435\u0430ux s\u0456t\u0435s de celle-ci : l\u0435 \u0440\u0430rc d\u0435 l\u0430 t\u00eat\u0435 d&rsquo;\u043er, l\u0435s b\u0435rg\u0435s du Rh\u00f4n\u0435, l\u0435s qu\u0430\u0456s d\u0435 S\u0430\u00f4n\u0435, l\u0435s ru\u0435s \u0440\u0456\u00e9t\u043enn\u0435s, l\u0435 V\u0456\u0435ux Ly\u043en&#8230;<\/p>\n<p><a href=\"https:\/\/frequence.app.link\/oBmjsdmOPP\" target=\"_blank\" rel=\"noopener\"><noscript><img class=\"aligncenter wp-image-6414 size-full\" src=\"https:\/\/frequence-running.com\/blog\/wp-content\/uploads\/2017\/09\/frequence-banniere-app.jpg\" alt width=\"800\" height=\"166\" srcset=\"https:\/\/frequence-running.com\/blog\/wp-content\/uploads\/2017\/09\/frequence-banniere-app.jpg 800w, https:\/\/frequence-running.com\/blog\/wp-content\/uploads\/2017\/09\/frequence-banniere-app-300x62.jpg 300w, https:\/\/frequence-running.com\/blog\/wp-content\/uploads\/2017\/09\/frequence-banniere-app-768x159.jpg 768w\" sizes=\"(max-width: 800px) 100vw, 800px\"><\/noscript><img class=\"aligncenter wp-image-6414 size-full lazyload\" src=\"data:image\/svg+xml,%3Csvg%20xmlns%3D%22http%3A%2F%2Fwww.w3.org%2F2000%2Fsvg%22%20viewBox%3D%220%200%20800%20166%22%3E%3C%2Fsvg%3E\" alt width=\"800\" height=\"166\" srcset=\"data:image\/svg+xml,%3Csvg%20xmlns%3D%22http%3A%2F%2Fwww.w3.org%2F2000%2Fsvg%22%20viewBox%3D%220%200%20800%20166%22%3E%3C%2Fsvg%3E 800w\" sizes=\"(max-width: 800px) 100vw, 800px\" data-srcset=\"https:\/\/frequence-running.com\/blog\/wp-content\/uploads\/2017\/09\/frequence-banniere-app.jpg 800w, https:\/\/frequence-running.com\/blog\/wp-content\/uploads\/2017\/09\/frequence-banniere-app-300x62.jpg 300w, https:\/\/frequence-running.com\/blog\/wp-content\/uploads\/2017\/09\/frequence-banniere-app-768x159.jpg 768w\" data-src=\"https:\/\/frequence-running.com\/blog\/wp-content\/uploads\/2017\/09\/frequence-banniere-app.jpg\"><\/a><\/p>\n<h3><a href=\"https:\/\/frequence-running.com\/blog\/plan-entrainement-20km-de-paris\/\">Les 20km de Paris &#8211; 13 octobre<\/a><\/h3>\n<p><noscript><img class=\"aligncenter size-full wp-image-2517\" src=\"https:\/\/frequence-running.com\/blog\/wp-content\/uploads\/2017\/09\/cover-paris20km.jpg\" alt width=\"800\" height=\"300\" srcset=\"https:\/\/frequence-running.com\/blog\/wp-content\/uploads\/2017\/09\/cover-paris20km.jpg 800w, https:\/\/frequence-running.com\/blog\/wp-content\/uploads\/2017\/09\/cover-paris20km-300x113.jpg 300w, https:\/\/frequence-running.com\/blog\/wp-content\/uploads\/2017\/09\/cover-paris20km-768x288.jpg 768w\" sizes=\"(max-width: 800px) 100vw, 800px\"><\/noscript><img class=\"aligncenter size-full wp-image-2517 lazyload\" src=\"data:image\/svg+xml,%3Csvg%20xmlns%3D%22http%3A%2F%2Fwww.w3.org%2F2000%2Fsvg%22%20viewBox%3D%220%200%20800%20300%22%3E%3C%2Fsvg%3E\" alt width=\"800\" height=\"300\" srcset=\"data:image\/svg+xml,%3Csvg%20xmlns%3D%22http%3A%2F%2Fwww.w3.org%2F2000%2Fsvg%22%20viewBox%3D%220%200%20800%20300%22%3E%3C%2Fsvg%3E 800w\" sizes=\"(max-width: 800px) 100vw, 800px\" data-srcset=\"https:\/\/frequence-running.com\/blog\/wp-content\/uploads\/2017\/09\/cover-paris20km.jpg 800w, https:\/\/frequence-running.com\/blog\/wp-content\/uploads\/2017\/09\/cover-paris20km-300x113.jpg 300w, https:\/\/frequence-running.com\/blog\/wp-content\/uploads\/2017\/09\/cover-paris20km-768x288.jpg 768w\" data-src=\"https:\/\/frequence-running.com\/blog\/wp-content\/uploads\/2017\/09\/cover-paris20km.jpg\"><\/p>\n<p>Cette ann\u00e9e, c&rsquo;est la <strong>41\u00e8me \u00e9dition de cette course mythique<\/strong>. Pour cette occasion, l&rsquo;organisation va mettre le paquet pour vous impressionner. Vous profiterez d&rsquo;un parcours exceptionnel, exclusivement dans Paris avec une arriv\u00e9e au pied de la tour Eiffel. Une r\u00e9elle visite guid\u00e9e de la ville lumi\u00e8re !<\/p>\n<h3><a href=\"https:\/\/frequence-running.com\/blog\/plan-entrainement-marathon-pasteur\/\"><strong>Le marathon Pays de Pasteur &#8211; 13 octobre<\/strong><\/a><\/h3>\n<p><noscript><img class=\"aligncenter size-full wp-image-5974\" src=\"https:\/\/frequence-running.com\/blog\/wp-content\/uploads\/2018\/07\/photo-principale-vignoble.jpg\" alt width=\"1120\" height=\"450\" srcset=\"https:\/\/frequence-running.com\/blog\/wp-content\/uploads\/2018\/07\/photo-principale-vignoble.jpg 1120w, https:\/\/frequence-running.com\/blog\/wp-content\/uploads\/2018\/07\/photo-principale-vignoble-300x121.jpg 300w, https:\/\/frequence-running.com\/blog\/wp-content\/uploads\/2018\/07\/photo-principale-vignoble-768x309.jpg 768w, https:\/\/frequence-running.com\/blog\/wp-content\/uploads\/2018\/07\/photo-principale-vignoble-1024x411.jpg 1024w, https:\/\/frequence-running.com\/blog\/wp-content\/uploads\/2018\/07\/photo-principale-vignoble-900x362.jpg 900w\" sizes=\"(max-width: 1120px) 100vw, 1120px\"><\/noscript><img class=\"aligncenter size-full wp-image-5974 lazyload\" src=\"data:image\/svg+xml,%3Csvg%20xmlns%3D%22http%3A%2F%2Fwww.w3.org%2F2000%2Fsvg%22%20viewBox%3D%220%200%201120%20450%22%3E%3C%2Fsvg%3E\" alt width=\"1120\" height=\"450\" srcset=\"data:image\/svg+xml,%3Csvg%20xmlns%3D%22http%3A%2F%2Fwww.w3.org%2F2000%2Fsvg%22%20viewBox%3D%220%200%201120%20450%22%3E%3C%2Fsvg%3E 1120w\" sizes=\"(max-width: 1120px) 100vw, 1120px\" data-srcset=\"https:\/\/frequence-running.com\/blog\/wp-content\/uploads\/2018\/07\/photo-principale-vignoble.jpg 1120w, https:\/\/frequence-running.com\/blog\/wp-content\/uploads\/2018\/07\/photo-principale-vignoble-300x121.jpg 300w, https:\/\/frequence-running.com\/blog\/wp-content\/uploads\/2018\/07\/photo-principale-vignoble-768x309.jpg 768w, https:\/\/frequence-running.com\/blog\/wp-content\/uploads\/2018\/07\/photo-principale-vignoble-1024x411.jpg 1024w, https:\/\/frequence-running.com\/blog\/wp-content\/uploads\/2018\/07\/photo-principale-vignoble-900x362.jpg 900w\" data-src=\"https:\/\/frequence-running.com\/blog\/wp-content\/uploads\/2018\/07\/photo-principale-vignoble.jpg\"><\/p>\n<p>Courez sur les traces du c\u00e9l\u00e8bre physicien Louis Pasteur. Du vignoble d&rsquo;Arbois jusqu&rsquo;\u00e0 D\u00f4le, vous traverserez de nombreux villages d&rsquo;un Jura authentique. C&rsquo;est l&rsquo;occasion de d\u00e9couvrir son paradis gastronomique. Bonne d\u00e9gustation !<\/p>\n<h3><a href=\"https:\/\/www.marathon-vannes.com\/\">Le marathon de Vannes &#8211; 20 octobre<\/a><\/h3>\n<p><noscript><img class=\"aligncenter size-full wp-image-6106\" src=\"https:\/\/frequence-running.com\/blog\/wp-content\/uploads\/2018\/07\/DSC6245.jpg\" alt width=\"1200\" height=\"801\" srcset=\"https:\/\/frequence-running.com\/blog\/wp-content\/uploads\/2018\/07\/DSC6245.jpg 1200w, https:\/\/frequence-running.com\/blog\/wp-content\/uploads\/2018\/07\/DSC6245-300x200.jpg 300w, https:\/\/frequence-running.com\/blog\/wp-content\/uploads\/2018\/07\/DSC6245-768x513.jpg 768w, https:\/\/frequence-running.com\/blog\/wp-content\/uploads\/2018\/07\/DSC6245-1024x684.jpg 1024w, https:\/\/frequence-running.com\/blog\/wp-content\/uploads\/2018\/07\/DSC6245-900x601.jpg 900w\" sizes=\"(max-width: 1200px) 100vw, 1200px\"><\/noscript><img class=\"aligncenter size-full wp-image-6106 lazyload\" src=\"data:image\/svg+xml,%3Csvg%20xmlns%3D%22http%3A%2F%2Fwww.w3.org%2F2000%2Fsvg%22%20viewBox%3D%220%200%201200%20801%22%3E%3C%2Fsvg%3E\" alt width=\"1200\" height=\"801\" srcset=\"data:image\/svg+xml,%3Csvg%20xmlns%3D%22http%3A%2F%2Fwww.w3.org%2F2000%2Fsvg%22%20viewBox%3D%220%200%201200%20801%22%3E%3C%2Fsvg%3E 1200w\" sizes=\"(max-width: 1200px) 100vw, 1200px\" data-srcset=\"https:\/\/frequence-running.com\/blog\/wp-content\/uploads\/2018\/07\/DSC6245.jpg 1200w, https:\/\/frequence-running.com\/blog\/wp-content\/uploads\/2018\/07\/DSC6245-300x200.jpg 300w, https:\/\/frequence-running.com\/blog\/wp-content\/uploads\/2018\/07\/DSC6245-768x513.jpg 768w, https:\/\/frequence-running.com\/blog\/wp-content\/uploads\/2018\/07\/DSC6245-1024x684.jpg 1024w, https:\/\/frequence-running.com\/blog\/wp-content\/uploads\/2018\/07\/DSC6245-900x601.jpg 900w\" data-src=\"https:\/\/frequence-running.com\/blog\/wp-content\/uploads\/2018\/07\/DSC6245.jpg\"><\/p>\n<p>Cap sur la Bretagne ! Un parcours unique vous attend, avec un trac\u00e9 qui court entre la terre et la mer. Prenez un bon bol d&rsquo;air marin en Bretagne !<\/p>\n<h3><a href=\"https:\/\/frequence-running.com\/blog\/tout-savoir-sur-le-marathon-vert-de-rennes\/\">Le marathon de Rennes &#8211; 27 octobre<\/a><\/h3>\n<p><noscript><img class=\"aligncenter size-full wp-image-6108\" src=\"https:\/\/frequence-running.com\/blog\/wp-content\/uploads\/2018\/07\/Brice_Moreau_487-9640.jpg\" alt width=\"1000\" height=\"667\" srcset=\"https:\/\/frequence-running.com\/blog\/wp-content\/uploads\/2018\/07\/Brice_Moreau_487-9640.jpg 1000w, https:\/\/frequence-running.com\/blog\/wp-content\/uploads\/2018\/07\/Brice_Moreau_487-9640-300x200.jpg 300w, https:\/\/frequence-running.com\/blog\/wp-content\/uploads\/2018\/07\/Brice_Moreau_487-9640-768x512.jpg 768w, https:\/\/frequence-running.com\/blog\/wp-content\/uploads\/2018\/07\/Brice_Moreau_487-9640-900x600.jpg 900w\" sizes=\"(max-width: 1000px) 100vw, 1000px\"><\/noscript><img class=\"aligncenter size-full wp-image-6108 lazyload\" src=\"data:image\/svg+xml,%3Csvg%20xmlns%3D%22http%3A%2F%2Fwww.w3.org%2F2000%2Fsvg%22%20viewBox%3D%220%200%201000%20667%22%3E%3C%2Fsvg%3E\" alt width=\"1000\" height=\"667\" srcset=\"data:image\/svg+xml,%3Csvg%20xmlns%3D%22http%3A%2F%2Fwww.w3.org%2F2000%2Fsvg%22%20viewBox%3D%220%200%201000%20667%22%3E%3C%2Fsvg%3E 1000w\" sizes=\"(max-width: 1000px) 100vw, 1000px\" data-srcset=\"https:\/\/frequence-running.com\/blog\/wp-content\/uploads\/2018\/07\/Brice_Moreau_487-9640.jpg 1000w, https:\/\/frequence-running.com\/blog\/wp-content\/uploads\/2018\/07\/Brice_Moreau_487-9640-300x200.jpg 300w, https:\/\/frequence-running.com\/blog\/wp-content\/uploads\/2018\/07\/Brice_Moreau_487-9640-768x512.jpg 768w, https:\/\/frequence-running.com\/blog\/wp-content\/uploads\/2018\/07\/Brice_Moreau_487-9640-900x600.jpg 900w\" data-src=\"https:\/\/frequence-running.com\/blog\/wp-content\/uploads\/2018\/07\/Brice_Moreau_487-9640.jpg\"><\/p>\n<p>Si vous souhaitez vous d\u00e9passer et chercher un RP, c&rsquo;est bien ce marathon qu&rsquo;il vous faut. Un parcours roulant qui part du Nord de Rennes pour arriver en plein centre de la capitale de la Bretagne. Roulez jeunesse ! Retrouvez l&rsquo;une de nos <strong>plus belles histoires Rennaises<\/strong> !<\/p>\n<h3>Marseille-Cassis &#8211; 27 octobre<\/h3>\n<p><noscript><img class=\"aligncenter size-full wp-image-6109\" src=\"https:\/\/frequence-running.com\/blog\/wp-content\/uploads\/2018\/07\/32185634_1193738914093183_4978772750047903744_o.jpg\" alt width=\"1849\" height=\"1522\" srcset=\"https:\/\/frequence-running.com\/blog\/wp-content\/uploads\/2018\/07\/32185634_1193738914093183_4978772750047903744_o.jpg 1849w, https:\/\/frequence-running.com\/blog\/wp-content\/uploads\/2018\/07\/32185634_1193738914093183_4978772750047903744_o-300x247.jpg 300w, https:\/\/frequence-running.com\/blog\/wp-content\/uploads\/2018\/07\/32185634_1193738914093183_4978772750047903744_o-768x632.jpg 768w, https:\/\/frequence-running.com\/blog\/wp-content\/uploads\/2018\/07\/32185634_1193738914093183_4978772750047903744_o-1024x843.jpg 1024w, https:\/\/frequence-running.com\/blog\/wp-content\/uploads\/2018\/07\/32185634_1193738914093183_4978772750047903744_o-900x741.jpg 900w, https:\/\/frequence-running.com\/blog\/wp-content\/uploads\/2018\/07\/32185634_1193738914093183_4978772750047903744_o-1280x1054.jpg 1280w\" sizes=\"(max-width: 1849px) 100vw, 1849px\"><\/noscript><img class=\"aligncenter size-full wp-image-6109 lazyload\" src=\"data:image\/svg+xml,%3Csvg%20xmlns%3D%22http%3A%2F%2Fwww.w3.org%2F2000%2Fsvg%22%20viewBox%3D%220%200%201849%201522%22%3E%3C%2Fsvg%3E\" alt width=\"1849\" height=\"1522\" srcset=\"data:image\/svg+xml,%3Csvg%20xmlns%3D%22http%3A%2F%2Fwww.w3.org%2F2000%2Fsvg%22%20viewBox%3D%220%200%201849%201522%22%3E%3C%2Fsvg%3E 1849w\" sizes=\"(max-width: 1849px) 100vw, 1849px\" data-srcset=\"https:\/\/frequence-running.com\/blog\/wp-content\/uploads\/2018\/07\/32185634_1193738914093183_4978772750047903744_o.jpg 1849w, https:\/\/frequence-running.com\/blog\/wp-content\/uploads\/2018\/07\/32185634_1193738914093183_4978772750047903744_o-300x247.jpg 300w, https:\/\/frequence-running.com\/blog\/wp-content\/uploads\/2018\/07\/32185634_1193738914093183_4978772750047903744_o-768x632.jpg 768w, https:\/\/frequence-running.com\/blog\/wp-content\/uploads\/2018\/07\/32185634_1193738914093183_4978772750047903744_o-1024x843.jpg 1024w, https:\/\/frequence-running.com\/blog\/wp-content\/uploads\/2018\/07\/32185634_1193738914093183_4978772750047903744_o-900x741.jpg 900w, https:\/\/frequence-running.com\/blog\/wp-content\/uploads\/2018\/07\/32185634_1193738914093183_4978772750047903744_o-1280x1054.jpg 1280w\" data-src=\"https:\/\/frequence-running.com\/blog\/wp-content\/uploads\/2018\/07\/32185634_1193738914093183_4978772750047903744_o.jpg\"><\/p>\n<p>Direction le sud pour parcourir une course magique \u00e0 travers les calanques. Le d\u00e9part se d\u00e9roule devant le l\u00e9gendaire V\u00e9lodrome de Marseille, pour finir dans le port m\u00e9diterran\u00e9en de Cassis. La course est loin d&rsquo;\u00eatre facile mais elle en vaut la chandelle.<\/p>\n<h3><a href=\"http:\/\/www.marathon06.com\/2019\/\">Le Marathon Nice-Cannes &#8211; 3 novembre<\/a><\/h3>\n<p><noscript><img class=\"aligncenter wp-image-10360 size-large\" src=\"https:\/\/frequence-running.com\/blog\/wp-content\/uploads\/2018\/07\/Marathon-Alpes-Maritimes-1-1024x514.jpg\" alt width=\"629\" height=\"316\" srcset=\"https:\/\/frequence-running.com\/blog\/wp-content\/uploads\/2018\/07\/Marathon-Alpes-Maritimes-1-1024x514.jpg 1024w, https:\/\/frequence-running.com\/blog\/wp-content\/uploads\/2018\/07\/Marathon-Alpes-Maritimes-1-300x151.jpg 300w, https:\/\/frequence-running.com\/blog\/wp-content\/uploads\/2018\/07\/Marathon-Alpes-Maritimes-1-768x386.jpg 768w, https:\/\/frequence-running.com\/blog\/wp-content\/uploads\/2018\/07\/Marathon-Alpes-Maritimes-1-900x452.jpg 900w, https:\/\/frequence-running.com\/blog\/wp-content\/uploads\/2018\/07\/Marathon-Alpes-Maritimes-1.jpg 1087w\" sizes=\"(max-width: 629px) 100vw, 629px\"><\/noscript><img class=\"aligncenter wp-image-10360 size-large lazyload\" src=\"data:image\/svg+xml,%3Csvg%20xmlns%3D%22http%3A%2F%2Fwww.w3.org%2F2000%2Fsvg%22%20viewBox%3D%220%200%20629%20316%22%3E%3C%2Fsvg%3E\" alt width=\"629\" height=\"316\" srcset=\"data:image\/svg+xml,%3Csvg%20xmlns%3D%22http%3A%2F%2Fwww.w3.org%2F2000%2Fsvg%22%20viewBox%3D%220%200%20629%20316%22%3E%3C%2Fsvg%3E 629w\" sizes=\"(max-width: 629px) 100vw, 629px\" data-srcset=\"https:\/\/frequence-running.com\/blog\/wp-content\/uploads\/2018\/07\/Marathon-Alpes-Maritimes-1-1024x514.jpg 1024w, https:\/\/frequence-running.com\/blog\/wp-content\/uploads\/2018\/07\/Marathon-Alpes-Maritimes-1-300x151.jpg 300w, https:\/\/frequence-running.com\/blog\/wp-content\/uploads\/2018\/07\/Marathon-Alpes-Maritimes-1-768x386.jpg 768w, https:\/\/frequence-running.com\/blog\/wp-content\/uploads\/2018\/07\/Marathon-Alpes-Maritimes-1-900x452.jpg 900w, https:\/\/frequence-running.com\/blog\/wp-content\/uploads\/2018\/07\/Marathon-Alpes-Maritimes-1.jpg 1087w\" data-src=\"https:\/\/frequence-running.com\/blog\/wp-content\/uploads\/2018\/07\/Marathon-Alpes-Maritimes-1-1024x514.jpg\"><\/p>\n<p>Direction la croisette en ce d\u00e9but novembre pour s&rsquo;\u00e9lancer sur l&rsquo;un des plus beau marathon du sud-est ! Ralliez <strong>Nice \u00e0 Cannes<\/strong> lors de ce marathon de r\u00eave mettant en valeur le territoire des Alpes-Maritimes. Entre ces deux villes, vous aurez le luxe de passer par Saint-Laurent-du-Var, Cagnes-sur-Mer, Villeneuve-Loubet, Antibes Juan-les-Pins et Vallauris Golfe-Juan. Si la distance marathon vous effraie, essayez-vous sur le<strong> 20K, c&rsquo;est la nouveaut\u00e9 !<\/strong><\/p>\n<h3>Le marathon de Deauville &#8211; 17 novembre<\/h3>\n<p><noscript><img class=\"aligncenter wp-image-10367 size-full\" src=\"https:\/\/frequence-running.com\/blog\/wp-content\/uploads\/2018\/07\/ph_1451.jpg\" alt width=\"768\" height=\"410\" srcset=\"https:\/\/frequence-running.com\/blog\/wp-content\/uploads\/2018\/07\/ph_1451.jpg 768w, https:\/\/frequence-running.com\/blog\/wp-content\/uploads\/2018\/07\/ph_1451-300x160.jpg 300w\" sizes=\"(max-width: 768px) 100vw, 768px\"><\/noscript><img class=\"aligncenter wp-image-10367 size-full lazyload\" src=\"data:image\/svg+xml,%3Csvg%20xmlns%3D%22http%3A%2F%2Fwww.w3.org%2F2000%2Fsvg%22%20viewBox%3D%220%200%20768%20410%22%3E%3C%2Fsvg%3E\" alt width=\"768\" height=\"410\" srcset=\"data:image\/svg+xml,%3Csvg%20xmlns%3D%22http%3A%2F%2Fwww.w3.org%2F2000%2Fsvg%22%20viewBox%3D%220%200%20768%20410%22%3E%3C%2Fsvg%3E 768w\" sizes=\"(max-width: 768px) 100vw, 768px\" data-srcset=\"https:\/\/frequence-running.com\/blog\/wp-content\/uploads\/2018\/07\/ph_1451.jpg 768w, https:\/\/frequence-running.com\/blog\/wp-content\/uploads\/2018\/07\/ph_1451-300x160.jpg 300w\" data-src=\"https:\/\/frequence-running.com\/blog\/wp-content\/uploads\/2018\/07\/ph_1451.jpg\"><\/p>\n<p>Pour la toute premi\u00e8re fois, la communaut\u00e9 de Communes inDeauville va accueillir un marathon ! Cette r\u00e9gion&nbsp;<strong>riche en \u00e9v\u00e8nements sportifs&nbsp;<\/strong>va enfin pouvoir ravir les marathoniens en offrant un challenge in\u00e9dit le&nbsp;<strong><a href=\"https:\/\/www.klikego.com\/inscription\/marathon-international-de-deauville-2019\/running-course-a-pied\/1544740583497-1\">17 novembre<\/a><\/strong>&nbsp;! Il s\u2019agit de l\u2019une des destinations pr\u00e9f\u00e9r\u00e9es des Parisiens (elle est aussi appel\u00e9e le 21\u00e8me arrondissement de Paris), par sa&nbsp;<strong>proximit\u00e9,&nbsp;<\/strong>sa&nbsp;<strong>r\u00e9putation<\/strong>&nbsp;et son haut rang de&nbsp;<strong>station baln\u00e9aire normande<\/strong>.<\/p>\n<h3>Le semi-marathon de Boulogne &#8211; 17 novembre<\/h3>\n<p><noscript><img class=\"aligncenter size-full wp-image-6111\" src=\"https:\/\/frequence-running.com\/blog\/wp-content\/uploads\/2018\/07\/semi-de-boulogne.jpg\" alt width=\"1969\" height=\"936\" srcset=\"https:\/\/frequence-running.com\/blog\/wp-content\/uploads\/2018\/07\/semi-de-boulogne.jpg 1969w, https:\/\/frequence-running.com\/blog\/wp-content\/uploads\/2018\/07\/semi-de-boulogne-300x143.jpg 300w, https:\/\/frequence-running.com\/blog\/wp-content\/uploads\/2018\/07\/semi-de-boulogne-768x365.jpg 768w, https:\/\/frequence-running.com\/blog\/wp-content\/uploads\/2018\/07\/semi-de-boulogne-1024x487.jpg 1024w, https:\/\/frequence-running.com\/blog\/wp-content\/uploads\/2018\/07\/semi-de-boulogne-900x428.jpg 900w, https:\/\/frequence-running.com\/blog\/wp-content\/uploads\/2018\/07\/semi-de-boulogne-1280x608.jpg 1280w\" sizes=\"(max-width: 1969px) 100vw, 1969px\"><\/noscript><img class=\"aligncenter size-full wp-image-6111 lazyload\" src=\"data:image\/svg+xml,%3Csvg%20xmlns%3D%22http%3A%2F%2Fwww.w3.org%2F2000%2Fsvg%22%20viewBox%3D%220%200%201969%20936%22%3E%3C%2Fsvg%3E\" alt width=\"1969\" height=\"936\" srcset=\"data:image\/svg+xml,%3Csvg%20xmlns%3D%22http%3A%2F%2Fwww.w3.org%2F2000%2Fsvg%22%20viewBox%3D%220%200%201969%20936%22%3E%3C%2Fsvg%3E 1969w\" sizes=\"(max-width: 1969px) 100vw, 1969px\" data-srcset=\"https:\/\/frequence-running.com\/blog\/wp-content\/uploads\/2018\/07\/semi-de-boulogne.jpg 1969w, https:\/\/frequence-running.com\/blog\/wp-content\/uploads\/2018\/07\/semi-de-boulogne-300x143.jpg 300w, https:\/\/frequence-running.com\/blog\/wp-content\/uploads\/2018\/07\/semi-de-boulogne-768x365.jpg 768w, https:\/\/frequence-running.com\/blog\/wp-content\/uploads\/2018\/07\/semi-de-boulogne-1024x487.jpg 1024w, https:\/\/frequence-running.com\/blog\/wp-content\/uploads\/2018\/07\/semi-de-boulogne-900x428.jpg 900w, https:\/\/frequence-running.com\/blog\/wp-content\/uploads\/2018\/07\/semi-de-boulogne-1280x608.jpg 1280w\" data-src=\"https:\/\/frequence-running.com\/blog\/wp-content\/uploads\/2018\/07\/semi-de-boulogne.jpg\"><\/p>\n<p>Dans notre s\u00e9lection, voici un semi-marathon (tr\u00e8s) roulant. C&rsquo;est le terrain id\u00e9al pour r\u00e9aliser son RP sur la distance en r\u00e9gion parisienne, comme en t\u00e9moigne nos <strong><a href=\"https:\/\/frequence-running.com\/blog\/les-fr-semi-marathon-de-boulogne\/\">FREQUENCE Runners<\/a><\/strong> lors de l&rsquo;\u00e9dition 2018.&nbsp;Un plateau \u00e9lite est pr\u00e9sent pour tirer les foules \u00e0 leur meilleur niveau.<\/p>\n<h3>Le marathon de la Rochelle &#8211; 24 novembre<\/h3>\n<p><noscript><img class=\"aligncenter wp-image-10365 size-full\" src=\"https:\/\/frequence-running.com\/blog\/wp-content\/uploads\/2018\/07\/le-depart-de-cette-27e-edition-du-marathon-de-la-rochelle.jpg\" alt width=\"1000\" height=\"500\" srcset=\"https:\/\/frequence-running.com\/blog\/wp-content\/uploads\/2018\/07\/le-depart-de-cette-27e-edition-du-marathon-de-la-rochelle.jpg 1000w, https:\/\/frequence-running.com\/blog\/wp-content\/uploads\/2018\/07\/le-depart-de-cette-27e-edition-du-marathon-de-la-rochelle-300x150.jpg 300w, https:\/\/frequence-running.com\/blog\/wp-content\/uploads\/2018\/07\/le-depart-de-cette-27e-edition-du-marathon-de-la-rochelle-768x384.jpg 768w, https:\/\/frequence-running.com\/blog\/wp-content\/uploads\/2018\/07\/le-depart-de-cette-27e-edition-du-marathon-de-la-rochelle-900x450.jpg 900w\" sizes=\"(max-width: 1000px) 100vw, 1000px\"><\/noscript><img class=\"aligncenter wp-image-10365 size-full lazyload\" src=\"data:image\/svg+xml,%3Csvg%20xmlns%3D%22http%3A%2F%2Fwww.w3.org%2F2000%2Fsvg%22%20viewBox%3D%220%200%201000%20500%22%3E%3C%2Fsvg%3E\" alt width=\"1000\" height=\"500\" srcset=\"data:image\/svg+xml,%3Csvg%20xmlns%3D%22http%3A%2F%2Fwww.w3.org%2F2000%2Fsvg%22%20viewBox%3D%220%200%201000%20500%22%3E%3C%2Fsvg%3E 1000w\" sizes=\"(max-width: 1000px) 100vw, 1000px\" data-srcset=\"https:\/\/frequence-running.com\/blog\/wp-content\/uploads\/2018\/07\/le-depart-de-cette-27e-edition-du-marathon-de-la-rochelle.jpg 1000w, https:\/\/frequence-running.com\/blog\/wp-content\/uploads\/2018\/07\/le-depart-de-cette-27e-edition-du-marathon-de-la-rochelle-300x150.jpg 300w, https:\/\/frequence-running.com\/blog\/wp-content\/uploads\/2018\/07\/le-depart-de-cette-27e-edition-du-marathon-de-la-rochelle-768x384.jpg 768w, https:\/\/frequence-running.com\/blog\/wp-content\/uploads\/2018\/07\/le-depart-de-cette-27e-edition-du-marathon-de-la-rochelle-900x450.jpg 900w\" data-src=\"https:\/\/frequence-running.com\/blog\/wp-content\/uploads\/2018\/07\/le-depart-de-cette-27e-edition-du-marathon-de-la-rochelle.jpg\"><\/p>\n<p>L&rsquo;un des plus gros marathon de France vous fera vivre un \u00e9v\u00e9nement populaire et festif avec plus de <strong>11000 coureurs<\/strong>.&nbsp;Figurez vous qu&rsquo;il y a 7 000 coureurs sur l&rsquo;\u00e9preuve reine. Quel que soit son objectif, son niveau ou sa forme, chaque concurrent <strong>sera enthousiasm\u00e9 et surpris par son parcours performant<\/strong>, l\u2019un des plus rapides !<\/p>\n<p>\u00c0 vous d&rsquo;assurer lors de cette automne les FREQUENCE Runners !<\/p>\n","protected":false},"excerpt":{"rendered":"<p>L&rsquo;\u00e9t\u00e9 constitue le moment id\u00e9al pour pr\u00e9parer son objectif de rentr\u00e9e ou sa course de l&rsquo;automne. \u00c0 cette saison, les conditions climatiques sont g\u00e9n\u00e9ralement id\u00e9ales pour courir. Vous \u00eates nombreux \u00e0 d\u00e9marrer un plan d&rsquo;entra\u00eenement FREQUENCE Running pour arriver sereinement au d\u00e9part de votre prochaine course, dont voici notre s\u00e9lection !<\/p>\n","protected":false},"author":1,"featured_media":6123,"comment_status":"closed","ping_status":"closed","sticky":false,"template":"","format":"standard","meta":{"_mi_skip_tracking":false},"categories":[21,24],"tags":[],"yoast_head":"<!-- This site is optimized with the Yoast SEO plugin v19.1 - https:\/\/yoast.com\/wordpress\/plugins\/seo\/ -->\n<title>Les courses \u00e0 ne pas louper cet automne ! - FREQUENCE Running<\/title>\n<meta name=\"description\" content=\"L&#039;\u00e9t\u00e9 constitue le moment id\u00e9al pour pr\u00e9parer sa course de l&#039;automne. Vous \u00eates nombreux \u00e0 d\u00e9marrer un plan d&#039;entra\u00eenement pour l&#039;un de ces \u00e9v\u00e8nements !\" \/>\n<meta name=\"robots\" content=\"index, follow, max-snippet:-1, max-image-preview:large, max-video-preview:-1\" \/>\n<link rel=\"canonical\" href=\"https:\/\/frequence-running.com\/blog\/course-automne-entrainement\/\" \/>\n<meta property=\"og:locale\" content=\"fr_FR\" \/>\n<meta property=\"og:type\" content=\"article\" \/>\n<meta property=\"og:title\" content=\"Les courses \u00e0 ne pas louper cet automne ! - FREQUENCE Running\" \/>\n<meta property=\"og:description\" content=\"L&#039;\u00e9t\u00e9 constitue le moment id\u00e9al pour pr\u00e9parer sa course de l&#039;automne. Vous \u00eates nombreux \u00e0 d\u00e9marrer un plan d&#039;entra\u00eenement pour l&#039;un de ces \u00e9v\u00e8nements !\" \/>\n<meta property=\"og:url\" content=\"https:\/\/frequence-running.com\/blog\/course-automne-entrainement\/\" \/>\n<meta property=\"og:site_name\" content=\"FREQUENCE Running\" \/>\n<meta property=\"article:publisher\" content=\"https:\/\/www.facebook.com\/frequencerunning\/\" \/>\n<meta property=\"article:published_time\" content=\"2018-07-17T16:20:43+00:00\" \/>\n<meta property=\"article:modified_time\" content=\"2019-08-09T15:11:38+00:00\" \/>\n<meta property=\"og:image\" content=\"https:\/\/frequence-running.com\/blog\/wp-content\/uploads\/2018\/07\/cover-blog-2.jpg\" \/>\n\t<meta property=\"og:image:width\" content=\"800\" \/>\n\t<meta property=\"og:image:height\" content=\"300\" \/>\n\t<meta property=\"og:image:type\" content=\"image\/jpeg\" \/>\n<meta name=\"twitter:card\" content=\"summary_large_image\" \/>\n<meta name=\"twitter:creator\" content=\"@FrequenceRun\" \/>\n<meta name=\"twitter:site\" content=\"@FrequenceRun\" \/>\n<meta name=\"twitter:label1\" content=\"\u00c9crit par\" \/>\n\t<meta name=\"twitter:data1\" content=\"FREQUENCE Running\" \/>\n\t<meta name=\"twitter:label2\" content=\"Dur\u00e9e de lecture estim\u00e9e\" \/>\n\t<meta name=\"twitter:data2\" content=\"4 minutes\" \/>\n<script type=\"application\/ld+json\" class=\"yoast-schema-graph\">{\"@context\":\"https:\/\/schema.org\",\"@graph\":[{\"@type\":\"Organization\",\"@id\":\"https:\/\/frequence-running.com\/blog\/#organization\",\"name\":\"Frequence Running\",\"url\":\"https:\/\/frequence-running.com\/blog\/\",\"sameAs\":[\"https:\/\/www.instagram.com\/frequencerunning\/\",\"https:\/\/www.linkedin.com\/company\/frequence-running\/\",\"https:\/\/www.youtube.com\/channel\/UCCxWpWRcfXVp8KV0HgoJ98w\",\"https:\/\/www.facebook.com\/frequencerunning\/\",\"https:\/\/twitter.com\/FrequenceRun\"],\"logo\":{\"@type\":\"ImageObject\",\"inLanguage\":\"fr-FR\",\"@id\":\"https:\/\/frequence-running.com\/blog\/#\/schema\/logo\/image\/\",\"url\":\"https:\/\/frequence-running.com\/blog\/wp-content\/uploads\/2016\/10\/frequence-icon-long-2.png\",\"contentUrl\":\"https:\/\/frequence-running.com\/blog\/wp-content\/uploads\/2016\/10\/frequence-icon-long-2.png\",\"width\":350,\"height\":109,\"caption\":\"Frequence Running\"},\"image\":{\"@id\":\"https:\/\/frequence-running.com\/blog\/#\/schema\/logo\/image\/\"}},{\"@type\":\"WebSite\",\"@id\":\"https:\/\/frequence-running.com\/blog\/#website\",\"url\":\"https:\/\/frequence-running.com\/blog\/\",\"name\":\"FREQUENCE Running\",\"description\":\"Blog running - conseils - entra\u00eenement\",\"publisher\":{\"@id\":\"https:\/\/frequence-running.com\/blog\/#organization\"},\"potentialAction\":[{\"@type\":\"SearchAction\",\"target\":{\"@type\":\"EntryPoint\",\"urlTemplate\":\"https:\/\/frequence-running.com\/blog\/?s={search_term_string}\"},\"query-input\":\"required name=search_term_string\"}],\"inLanguage\":\"fr-FR\"},{\"@type\":\"ImageObject\",\"inLanguage\":\"fr-FR\",\"@id\":\"https:\/\/frequence-running.com\/blog\/course-automne-entrainement\/#primaryimage\",\"url\":\"https:\/\/frequence-running.com\/blog\/wp-content\/uploads\/2018\/07\/cover-blog-2.jpg\",\"contentUrl\":\"https:\/\/frequence-running.com\/blog\/wp-content\/uploads\/2018\/07\/cover-blog-2.jpg\",\"width\":800,\"height\":300},{\"@type\":\"WebPage\",\"@id\":\"https:\/\/frequence-running.com\/blog\/course-automne-entrainement\/#webpage\",\"url\":\"https:\/\/frequence-running.com\/blog\/course-automne-entrainement\/\",\"name\":\"Les courses \u00e0 ne pas louper cet automne ! - FREQUENCE Running\",\"isPartOf\":{\"@id\":\"https:\/\/frequence-running.com\/blog\/#website\"},\"primaryImageOfPage\":{\"@id\":\"https:\/\/frequence-running.com\/blog\/course-automne-entrainement\/#primaryimage\"},\"datePublished\":\"2018-07-17T16:20:43+00:00\",\"dateModified\":\"2019-08-09T15:11:38+00:00\",\"description\":\"L'\u00e9t\u00e9 constitue le moment id\u00e9al pour pr\u00e9parer sa course de l'automne. Vous \u00eates nombreux \u00e0 d\u00e9marrer un plan d'entra\u00eenement pour l'un de ces \u00e9v\u00e8nements !\",\"breadcrumb\":{\"@id\":\"https:\/\/frequence-running.com\/blog\/course-automne-entrainement\/#breadcrumb\"},\"inLanguage\":\"fr-FR\",\"potentialAction\":[{\"@type\":\"ReadAction\",\"target\":[\"https:\/\/frequence-running.com\/blog\/course-automne-entrainement\/\"]}]},{\"@type\":\"BreadcrumbList\",\"@id\":\"https:\/\/frequence-running.com\/blog\/course-automne-entrainement\/#breadcrumb\",\"itemListElement\":[{\"@type\":\"ListItem\",\"position\":1,\"name\":\"Accueil\",\"item\":\"https:\/\/frequence-running.com\/blog\/\"},{\"@type\":\"ListItem\",\"position\":2,\"name\":\"Les courses \u00e0 ne pas louper cet automne !\"}]},{\"@type\":\"Article\",\"@id\":\"https:\/\/frequence-running.com\/blog\/course-automne-entrainement\/#article\",\"isPartOf\":{\"@id\":\"https:\/\/frequence-running.com\/blog\/course-automne-entrainement\/#webpage\"},\"author\":{\"@id\":\"https:\/\/frequence-running.com\/blog\/#\/schema\/person\/85a05c012ab428431fd2f0f4e9c9a8b1\"},\"headline\":\"Les courses \u00e0 ne pas louper cet automne !\",\"datePublished\":\"2018-07-17T16:20:43+00:00\",\"dateModified\":\"2019-08-09T15:11:38+00:00\",\"mainEntityOfPage\":{\"@id\":\"https:\/\/frequence-running.com\/blog\/course-automne-entrainement\/#webpage\"},\"wordCount\":748,\"publisher\":{\"@id\":\"https:\/\/frequence-running.com\/blog\/#organization\"},\"image\":{\"@id\":\"https:\/\/frequence-running.com\/blog\/course-automne-entrainement\/#primaryimage\"},\"thumbnailUrl\":\"https:\/\/frequence-running.com\/blog\/wp-content\/uploads\/2018\/07\/cover-blog-2.jpg\",\"articleSection\":[\"Course\",\"Inspiration\"],\"inLanguage\":\"fr-FR\"},{\"@type\":\"Person\",\"@id\":\"https:\/\/frequence-running.com\/blog\/#\/schema\/person\/85a05c012ab428431fd2f0f4e9c9a8b1\",\"name\":\"FREQUENCE Running\",\"url\":\"https:\/\/frequence-running.com\/blog\/author\/frequence-running\/\"}]}<\/script>\n<!-- \/ Yoast SEO plugin. -->","yoast_head_json":{"title":"Les courses \u00e0 ne pas louper cet automne ! - FREQUENCE Running","description":"L'\u00e9t\u00e9 constitue le moment id\u00e9al pour pr\u00e9parer sa course de l'automne. Vous \u00eates nombreux \u00e0 d\u00e9marrer un plan d'entra\u00eenement pour l'un de ces \u00e9v\u00e8nements !","robots":{"index":"index","follow":"follow","max-snippet":"max-snippet:-1","max-image-preview":"max-image-preview:large","max-video-preview":"max-video-preview:-1"},"canonical":"https:\/\/frequence-running.com\/blog\/course-automne-entrainement\/","og_locale":"fr_FR","og_type":"article","og_title":"Les courses \u00e0 ne pas louper cet automne ! - FREQUENCE Running","og_description":"L'\u00e9t\u00e9 constitue le moment id\u00e9al pour pr\u00e9parer sa course de l'automne. Vous \u00eates nombreux \u00e0 d\u00e9marrer un plan d'entra\u00eenement pour l'un de ces \u00e9v\u00e8nements !","og_url":"https:\/\/frequence-running.com\/blog\/course-automne-entrainement\/","og_site_name":"FREQUENCE Running","article_publisher":"https:\/\/www.facebook.com\/frequencerunning\/","article_published_time":"2018-07-17T16:20:43+00:00","article_modified_time":"2019-08-09T15:11:38+00:00","og_image":[{"width":800,"height":300,"url":"https:\/\/frequence-running.com\/blog\/wp-content\/uploads\/2018\/07\/cover-blog-2.jpg","type":"image\/jpeg"}],"twitter_card":"summary_large_image","twitter_creator":"@FrequenceRun","twitter_site":"@FrequenceRun","twitter_misc":{"\u00c9crit par":"FREQUENCE Running","Dur\u00e9e de lecture estim\u00e9e":"4 minutes"},"schema":{"@context":"https:\/\/schema.org","@graph":[{"@type":"Organization","@id":"https:\/\/frequence-running.com\/blog\/#organization","name":"Frequence Running","url":"https:\/\/frequence-running.com\/blog\/","sameAs":["https:\/\/www.instagram.com\/frequencerunning\/","https:\/\/www.linkedin.com\/company\/frequence-running\/","https:\/\/www.youtube.com\/channel\/UCCxWpWRcfXVp8KV0HgoJ98w","https:\/\/www.facebook.com\/frequencerunning\/","https:\/\/twitter.com\/FrequenceRun"],"logo":{"@type":"ImageObject","inLanguage":"fr-FR","@id":"https:\/\/frequence-running.com\/blog\/#\/schema\/logo\/image\/","url":"https:\/\/frequence-running.com\/blog\/wp-content\/uploads\/2016\/10\/frequence-icon-long-2.png","contentUrl":"https:\/\/frequence-running.com\/blog\/wp-content\/uploads\/2016\/10\/frequence-icon-long-2.png","width":350,"height":109,"caption":"Frequence Running"},"image":{"@id":"https:\/\/frequence-running.com\/blog\/#\/schema\/logo\/image\/"}},{"@type":"WebSite","@id":"https:\/\/frequence-running.com\/blog\/#website","url":"https:\/\/frequence-running.com\/blog\/","name":"FREQUENCE Running","description":"Blog running - conseils - entra\u00eenement","publisher":{"@id":"https:\/\/frequence-running.com\/blog\/#organization"},"potentialAction":[{"@type":"SearchAction","target":{"@type":"EntryPoint","urlTemplate":"https:\/\/frequence-running.com\/blog\/?s={search_term_string}"},"query-input":"required name=search_term_string"}],"inLanguage":"fr-FR"},{"@type":"ImageObject","inLanguage":"fr-FR","@id":"https:\/\/frequence-running.com\/blog\/course-automne-entrainement\/#primaryimage","url":"https:\/\/frequence-running.com\/blog\/wp-content\/uploads\/2018\/07\/cover-blog-2.jpg","contentUrl":"https:\/\/frequence-running.com\/blog\/wp-content\/uploads\/2018\/07\/cover-blog-2.jpg","width":800,"height":300},{"@type":"WebPage","@id":"https:\/\/frequence-running.com\/blog\/course-automne-entrainement\/#webpage","url":"https:\/\/frequence-running.com\/blog\/course-automne-entrainement\/","name":"Les courses \u00e0 ne pas louper cet automne ! - FREQUENCE Running","isPartOf":{"@id":"https:\/\/frequence-running.com\/blog\/#website"},"primaryImageOfPage":{"@id":"https:\/\/frequence-running.com\/blog\/course-automne-entrainement\/#primaryimage"},"datePublished":"2018-07-17T16:20:43+00:00","dateModified":"2019-08-09T15:11:38+00:00","description":"L'\u00e9t\u00e9 constitue le moment id\u00e9al pour pr\u00e9parer sa course de l'automne. Vous \u00eates nombreux \u00e0 d\u00e9marrer un plan d'entra\u00eenement pour l'un de ces \u00e9v\u00e8nements !","breadcrumb":{"@id":"https:\/\/frequence-running.com\/blog\/course-automne-entrainement\/#breadcrumb"},"inLanguage":"fr-FR","potentialAction":[{"@type":"ReadAction","target":["https:\/\/frequence-running.com\/blog\/course-automne-entrainement\/"]}]},{"@type":"BreadcrumbList","@id":"https:\/\/frequence-running.com\/blog\/course-automne-entrainement\/#breadcrumb","itemListElement":[{"@type":"ListItem","position":1,"name":"Accueil","item":"https:\/\/frequence-running.com\/blog\/"},{"@type":"ListItem","position":2,"name":"Les courses \u00e0 ne pas louper cet automne !"}]},{"@type":"Article","@id":"https:\/\/frequence-running.com\/blog\/course-automne-entrainement\/#article","isPartOf":{"@id":"https:\/\/frequence-running.com\/blog\/course-automne-entrainement\/#webpage"},"author":{"@id":"https:\/\/frequence-running.com\/blog\/#\/schema\/person\/85a05c012ab428431fd2f0f4e9c9a8b1"},"headline":"Les courses \u00e0 ne pas louper cet automne !","datePublished":"2018-07-17T16:20:43+00:00","dateModified":"2019-08-09T15:11:38+00:00","mainEntityOfPage":{"@id":"https:\/\/frequence-running.com\/blog\/course-automne-entrainement\/#webpage"},"wordCount":748,"publisher":{"@id":"https:\/\/frequence-running.com\/blog\/#organization"},"image":{"@id":"https:\/\/frequence-running.com\/blog\/course-automne-entrainement\/#primaryimage"},"thumbnailUrl":"https:\/\/frequence-running.com\/blog\/wp-content\/uploads\/2018\/07\/cover-blog-2.jpg","articleSection":["Course","Inspiration"],"inLanguage":"fr-FR"},{"@type":"Person","@id":"https:\/\/frequence-running.com\/blog\/#\/schema\/person\/85a05c012ab428431fd2f0f4e9c9a8b1","name":"FREQUENCE Running","url":"https:\/\/frequence-running.com\/blog\/author\/frequence-running\/"}]}},"_links":{"self":[{"href":"https:\/\/frequence-running.com\/blog\/wp-json\/wp\/v2\/posts\/6077"}],"collection":[{"href":"https:\/\/frequence-running.com\/blog\/wp-json\/wp\/v2\/posts"}],"about":[{"href":"https:\/\/frequence-running.com\/blog\/wp-json\/wp\/v2\/types\/post"}],"author":[{"embeddable":true,"href":"https:\/\/frequence-running.com\/blog\/wp-json\/wp\/v2\/users\/1"}],"replies":[{"embeddable":true,"href":"https:\/\/frequence-running.com\/blog\/wp-json\/wp\/v2\/comments?post=6077"}],"version-history":[{"count":17,"href":"https:\/\/frequence-running.com\/blog\/wp-json\/wp\/v2\/posts\/6077\/revisions"}],"predecessor-version":[{"id":10370,"href":"https:\/\/frequence-running.com\/blog\/wp-json\/wp\/v2\/posts\/6077\/revisions\/10370"}],"wp:featuredmedia":[{"embeddable":true,"href":"https:\/\/frequence-running.com\/blog\/wp-json\/wp\/v2\/media\/6123"}],"wp:attachment":[{"href":"https:\/\/frequence-running.com\/blog\/wp-json\/wp\/v2\/media?parent=6077"}],"wp:term":[{"taxonomy":"category","embeddable":true,"href":"https:\/\/frequence-running.com\/blog\/wp-json\/wp\/v2\/categories?post=6077"},{"taxonomy":"post_tag","embeddable":true,"href":"https:\/\/frequence-running.com\/blog\/wp-json\/wp\/v2\/tags?post=6077"}],"curies":[{"name":"wp","href":"https:\/\/api.w.org\/{rel}","templated":true}]}}