{"id":15027,"date":"2025-11-12T15:57:45","date_gmt":"2025-11-12T14:57:45","guid":{"rendered":"https:\/\/frequence-running.com\/blog\/?p=15027"},"modified":"2025-11-14T12:29:24","modified_gmt":"2025-11-14T11:29:24","slug":"black-friday-booster-ta-motivation-running-cet-hiver","status":"publish","type":"post","link":"https:\/\/frequence-running.com\/blog\/black-friday-booster-ta-motivation-running-cet-hiver\/","title":{"rendered":"Black Friday : le d\u00e9clic pour booster ta motivation running cet hiver \u2744\ufe0f"},"content":{"rendered":"<figure class=\"wp-block-image size-large\"><noscript><img width=\"683\" height=\"1024\" src=\"https:\/\/frequence-running.com\/blog\/wp-content\/uploads\/2025\/11\/homme-run-hiver-683x1024.jpg\" alt class=\"wp-image-15035\" srcset=\"https:\/\/frequence-running.com\/blog\/wp-content\/uploads\/2025\/11\/homme-run-hiver-683x1024.jpg 683w, https:\/\/frequence-running.com\/blog\/wp-content\/uploads\/2025\/11\/homme-run-hiver-200x300.jpg 200w, https:\/\/frequence-running.com\/blog\/wp-content\/uploads\/2025\/11\/homme-run-hiver-768x1152.jpg 768w, https:\/\/frequence-running.com\/blog\/wp-content\/uploads\/2025\/11\/homme-run-hiver-1024x1536.jpg 1024w, https:\/\/frequence-running.com\/blog\/wp-content\/uploads\/2025\/11\/homme-run-hiver-1365x2048.jpg 1365w, https:\/\/frequence-running.com\/blog\/wp-content\/uploads\/2025\/11\/homme-run-hiver-900x1350.jpg 900w, https:\/\/frequence-running.com\/blog\/wp-content\/uploads\/2025\/11\/homme-run-hiver-1280x1920.jpg 1280w, https:\/\/frequence-running.com\/blog\/wp-content\/uploads\/2025\/11\/homme-run-hiver-scaled.jpg 1707w\" sizes=\"(max-width: 683px) 100vw, 683px\"><\/noscript><img width=\"683\" height=\"1024\" src=\"data:image\/svg+xml,%3Csvg%20xmlns%3D%22http%3A%2F%2Fwww.w3.org%2F2000%2Fsvg%22%20viewBox%3D%220%200%20683%201024%22%3E%3C%2Fsvg%3E\" alt class=\"wp-image-15035 lazyload\" srcset=\"data:image\/svg+xml,%3Csvg%20xmlns%3D%22http%3A%2F%2Fwww.w3.org%2F2000%2Fsvg%22%20viewBox%3D%220%200%20683%201024%22%3E%3C%2Fsvg%3E 683w\" sizes=\"(max-width: 683px) 100vw, 683px\" data-srcset=\"https:\/\/frequence-running.com\/blog\/wp-content\/uploads\/2025\/11\/homme-run-hiver-683x1024.jpg 683w, https:\/\/frequence-running.com\/blog\/wp-content\/uploads\/2025\/11\/homme-run-hiver-200x300.jpg 200w, https:\/\/frequence-running.com\/blog\/wp-content\/uploads\/2025\/11\/homme-run-hiver-768x1152.jpg 768w, https:\/\/frequence-running.com\/blog\/wp-content\/uploads\/2025\/11\/homme-run-hiver-1024x1536.jpg 1024w, https:\/\/frequence-running.com\/blog\/wp-content\/uploads\/2025\/11\/homme-run-hiver-1365x2048.jpg 1365w, https:\/\/frequence-running.com\/blog\/wp-content\/uploads\/2025\/11\/homme-run-hiver-900x1350.jpg 900w, https:\/\/frequence-running.com\/blog\/wp-content\/uploads\/2025\/11\/homme-run-hiver-1280x1920.jpg 1280w, https:\/\/frequence-running.com\/blog\/wp-content\/uploads\/2025\/11\/homme-run-hiver-scaled.jpg 1707w\" data-src=\"https:\/\/frequence-running.com\/blog\/wp-content\/uploads\/2025\/11\/homme-run-hiver-683x1024.jpg\"><\/figure>\n\n\n\n<div style=\"height:34px\" aria-hidden=\"true\" class=\"wp-block-spacer\"><\/div>\n\n\n\n<p><strong>L&rsquo;hiver approche<\/strong> \u00e0 grands pas, avec ses journ\u00e9es plus court, le froid et parfois la<a href=\"https:\/\/frequence-running.com\/blog\/abandon-de-la-course-a-pied\/\" target=\"_blank\" rel=\"noreferrer noopener\"> <\/a><strong><a href=\"https:\/\/frequence-running.com\/blog\/abandon-de-la-course-a-pied\/\" target=\"_blank\" rel=\"noreferrer noopener\">baisse de motivation pour courir<\/a>.<\/strong> Mais savais-tu que le <strong>Black Friday<\/strong> peut \u00eatre l&rsquo;occasion parfaite pour relancer ta passion pour la course \u00e0 pied ? On rentre dans la p\u00e9riode id\u00e9ale pour te fixer de nouveaux objectifs, et t<strong>&lsquo;<a href=\"https:\/\/frequence-running.com\/blackfriday\/2025\/shop.html\" target=\"_blank\" rel=\"noreferrer noopener\">offrir un abonnement FREQUENCE running<\/a><\/strong> ! \ud83c\udfc3\u200d\u2640\ufe0f Que tu sois un coureur, coureuse <strong>confirm\u00e9.e ou d\u00e9butant.e<\/strong>, cette offre exclusive ne repr\u00e9sente pas seulement une opportunit\u00e9 \u00e9conomique. Mais aussi une <strong>v\u00e9ritable chance de repartir du bon pied<\/strong>, de renouveler ton engagement et de donner les moyens de rester motiv\u00e9 tout l&rsquo;hiver ! \u2728\ud83c\udfc5<\/p>\n\n\n\n<p>D\u00e9couvre comment le<strong> Black Friday<\/strong> peut devenir ton alli\u00e9 running pour une saison pleine de d\u00e9fis et de progr\u00e8s ! \ud83d\ude80<\/p>\n\n\n\n<div style=\"height:40px\" aria-hidden=\"true\" class=\"wp-block-spacer\"><\/div>\n\n\n\n<h2>Le Black Friday, un d\u00e9clic pour repartir du bon pied \ud83d\udd25<\/h2>\n\n\n\n<p>Le black Friday est bien plus qu&rsquo;une p\u00e9riode <strong>d&rsquo;offres exceptionnelles<\/strong> : c&rsquo;est la p\u00e9riode id\u00e9ale pour relancer sa motivation running. En hiver, le froid et la routine peuvent freiner l&rsquo;engagement. Mais le Black Friday peut redonner <strong>un vrai coup de boost<\/strong>. \ud83d\ude80  S&rsquo;offrir <strong><a href=\"https:\/\/frequence-running.com\/blackfriday\/2025\/shop.html\" target=\"_blank\" rel=\"noreferrer noopener\">un abonnement \u00e0 l&rsquo;application FREQUENCE Running<\/a><\/strong>, c&rsquo;est se donner les outils parfaits pour se fixer de nouveaux d\u00e9fis ! Tout en restant r\u00e9gulier et avancer, m\u00eame dans les mois les plus exigeants. Un achat malin, qui devient un moteur de <strong>motivation <\/strong>sur une ann\u00e9e enti\u00e8re ! \ud83d\udcaa<\/p>\n\n\n\n<div style=\"height:68px\" aria-hidden=\"true\" class=\"wp-block-spacer\"><\/div>\n\n\n\n<figure class=\"wp-block-image size-large\"><noscript><img width=\"1024\" height=\"683\" src=\"https:\/\/frequence-running.com\/blog\/wp-content\/uploads\/2025\/11\/femme-etirement-run-hiver-1024x683.jpg\" alt class=\"wp-image-15036\" srcset=\"https:\/\/frequence-running.com\/blog\/wp-content\/uploads\/2025\/11\/femme-etirement-run-hiver-1024x683.jpg 1024w, https:\/\/frequence-running.com\/blog\/wp-content\/uploads\/2025\/11\/femme-etirement-run-hiver-300x200.jpg 300w, https:\/\/frequence-running.com\/blog\/wp-content\/uploads\/2025\/11\/femme-etirement-run-hiver-768x513.jpg 768w, https:\/\/frequence-running.com\/blog\/wp-content\/uploads\/2025\/11\/femme-etirement-run-hiver-1536x1025.jpg 1536w, https:\/\/frequence-running.com\/blog\/wp-content\/uploads\/2025\/11\/femme-etirement-run-hiver-2048x1367.jpg 2048w, https:\/\/frequence-running.com\/blog\/wp-content\/uploads\/2025\/11\/femme-etirement-run-hiver-900x601.jpg 900w, https:\/\/frequence-running.com\/blog\/wp-content\/uploads\/2025\/11\/femme-etirement-run-hiver-1280x854.jpg 1280w\" sizes=\"(max-width: 1024px) 100vw, 1024px\"><\/noscript><img width=\"1024\" height=\"683\" src=\"data:image\/svg+xml,%3Csvg%20xmlns%3D%22http%3A%2F%2Fwww.w3.org%2F2000%2Fsvg%22%20viewBox%3D%220%200%201024%20683%22%3E%3C%2Fsvg%3E\" alt class=\"wp-image-15036 lazyload\" srcset=\"data:image\/svg+xml,%3Csvg%20xmlns%3D%22http%3A%2F%2Fwww.w3.org%2F2000%2Fsvg%22%20viewBox%3D%220%200%201024%20683%22%3E%3C%2Fsvg%3E 1024w\" sizes=\"(max-width: 1024px) 100vw, 1024px\" data-srcset=\"https:\/\/frequence-running.com\/blog\/wp-content\/uploads\/2025\/11\/femme-etirement-run-hiver-1024x683.jpg 1024w, https:\/\/frequence-running.com\/blog\/wp-content\/uploads\/2025\/11\/femme-etirement-run-hiver-300x200.jpg 300w, https:\/\/frequence-running.com\/blog\/wp-content\/uploads\/2025\/11\/femme-etirement-run-hiver-768x513.jpg 768w, https:\/\/frequence-running.com\/blog\/wp-content\/uploads\/2025\/11\/femme-etirement-run-hiver-1536x1025.jpg 1536w, https:\/\/frequence-running.com\/blog\/wp-content\/uploads\/2025\/11\/femme-etirement-run-hiver-2048x1367.jpg 2048w, https:\/\/frequence-running.com\/blog\/wp-content\/uploads\/2025\/11\/femme-etirement-run-hiver-900x601.jpg 900w, https:\/\/frequence-running.com\/blog\/wp-content\/uploads\/2025\/11\/femme-etirement-run-hiver-1280x854.jpg 1280w\" data-src=\"https:\/\/frequence-running.com\/blog\/wp-content\/uploads\/2025\/11\/femme-etirement-run-hiver-1024x683.jpg\"><\/figure>\n\n\n\n<div style=\"height:52px\" aria-hidden=\"true\" class=\"wp-block-spacer\"><\/div>\n\n\n\n<h2>Fixer de nouveaux objectifs pour l&rsquo;hiver \ud83d\udcaa\ud83c\udfaf<\/h2>\n\n\n\n<p>L&rsquo;hiver est la saison id\u00e9ale pour se fixer de <strong><a href=\"https:\/\/frequence-running.com\/blog\/courir-dans-le-froid-2\/\" target=\"_blank\" rel=\"noreferrer noopener\">nouveaux d\u00e9fis running<\/a><\/strong>. Que ce soit pour pr\u00e9parer une course, am\u00e9liorer son chrono ou simplement rester r\u00e9gulier. Un objectif clair donne du sens \u00e0 chaque sortie. <strong>L&rsquo;application FREQUENCE Running<\/strong> permet de cr\u00e9er un plan d&rsquo;entra\u00eenement personnalis\u00e9, adapt\u00e9 \u00e0 ton niveau, \u00e0 tes exigences. Tu y retrouveras des conseils adapt\u00e9s \u00e0 tes attentes, la possibilit\u00e9 de modifier ton planning en fonction de ton emploi du temps. Tout ce que tu as besoin pour<strong> rester motiv\u00e9 tout au long de la saison !<\/strong> \u2728\ud83c\udfc5<\/p>\n\n\n\n<div style=\"height:35px\" aria-hidden=\"true\" class=\"wp-block-spacer\"><\/div>\n\n\n\n<h2>Conseils et motivation et mindset pour rester constant pendant les mois froids<\/h2>\n\n\n\n<p>\ud83c\udf27\ufe0fL&rsquo;hiver est une<a href=\"https:\/\/conseilsport.decathlon.fr\/10-raisons-de-courir-en-hiver\" target=\"_blank\" rel=\"noreferrer noopener\"> saison exigeante<\/a> pour les coureurs : journ\u00e9es courtes, froid, pluie&#8230;\u2744\ufe0f La<strong> motivation peut vite s&rsquo;effriter<\/strong>. Pour rester r\u00e9gulier et motiv\u00e9, il faut cultiver un mindset en b\u00e9ton et adopter des <strong>strat\u00e9gies efficaces<\/strong> : <\/p>\n\n\n\n<ul><li>1\ufe0f\u20e3 <strong>Se fixer des objectifs r\u00e9alistes<\/strong> : Que ce soit courir 3 fois par semaine, pr\u00e9parer une course ou juste profiter de chaque sortie, un but clair donne du sens \u00e0 ton entra\u00eenement. <\/li><li>2\ufe0f\u20e3 <strong>Varier les s\u00e9ances<\/strong> : alterner entre sorties longues, fractionn\u00e9s, entra\u00eenement en c\u00f4te, pour \u00e9viter au maximum la monotonie. <\/li><li><strong>Courir en groupe ou avec un partenaire<\/strong> : L&rsquo;entraide et l&rsquo;encouragement mutuel sont de puissants moteurs et peuvent booster ta motivation. <\/li><li>3\ufe0f\u20e3 <strong>N&rsquo;oublie pas d&rsquo;\u00eatre indulgent avec toi-m\u00eame<\/strong> : certaines semaines seront plus difficiles, mais chaque sortie compte. Avec discipline et un peu de bienveillance, tu resteras motiv\u00e9 et progresseras ! <\/li><\/ul>\n\n\n\n<div style=\"height:56px\" aria-hidden=\"true\" class=\"wp-block-spacer\"><\/div>\n\n\n\n<figure class=\"wp-block-image size-large\"><noscript><img width=\"1024\" height=\"1024\" src=\"https:\/\/frequence-running.com\/blog\/wp-content\/uploads\/2025\/11\/jogger-sportif-feminin-en-cours-d-execution-1024x1024.jpg\" alt class=\"wp-image-15038\" srcset=\"https:\/\/frequence-running.com\/blog\/wp-content\/uploads\/2025\/11\/jogger-sportif-feminin-en-cours-d-execution-1024x1024.jpg 1024w, https:\/\/frequence-running.com\/blog\/wp-content\/uploads\/2025\/11\/jogger-sportif-feminin-en-cours-d-execution-300x300.jpg 300w, https:\/\/frequence-running.com\/blog\/wp-content\/uploads\/2025\/11\/jogger-sportif-feminin-en-cours-d-execution-150x150.jpg 150w, https:\/\/frequence-running.com\/blog\/wp-content\/uploads\/2025\/11\/jogger-sportif-feminin-en-cours-d-execution-768x768.jpg 768w, https:\/\/frequence-running.com\/blog\/wp-content\/uploads\/2025\/11\/jogger-sportif-feminin-en-cours-d-execution-1536x1536.jpg 1536w, https:\/\/frequence-running.com\/blog\/wp-content\/uploads\/2025\/11\/jogger-sportif-feminin-en-cours-d-execution-2048x2048.jpg 2048w, https:\/\/frequence-running.com\/blog\/wp-content\/uploads\/2025\/11\/jogger-sportif-feminin-en-cours-d-execution-88x88.jpg 88w, https:\/\/frequence-running.com\/blog\/wp-content\/uploads\/2025\/11\/jogger-sportif-feminin-en-cours-d-execution-900x900.jpg 900w, https:\/\/frequence-running.com\/blog\/wp-content\/uploads\/2025\/11\/jogger-sportif-feminin-en-cours-d-execution-1280x1280.jpg 1280w\" sizes=\"(max-width: 1024px) 100vw, 1024px\"><\/noscript><img width=\"1024\" height=\"1024\" src=\"data:image\/svg+xml,%3Csvg%20xmlns%3D%22http%3A%2F%2Fwww.w3.org%2F2000%2Fsvg%22%20viewBox%3D%220%200%201024%201024%22%3E%3C%2Fsvg%3E\" alt class=\"wp-image-15038 lazyload\" srcset=\"data:image\/svg+xml,%3Csvg%20xmlns%3D%22http%3A%2F%2Fwww.w3.org%2F2000%2Fsvg%22%20viewBox%3D%220%200%201024%201024%22%3E%3C%2Fsvg%3E 1024w\" sizes=\"(max-width: 1024px) 100vw, 1024px\" data-srcset=\"https:\/\/frequence-running.com\/blog\/wp-content\/uploads\/2025\/11\/jogger-sportif-feminin-en-cours-d-execution-1024x1024.jpg 1024w, https:\/\/frequence-running.com\/blog\/wp-content\/uploads\/2025\/11\/jogger-sportif-feminin-en-cours-d-execution-300x300.jpg 300w, https:\/\/frequence-running.com\/blog\/wp-content\/uploads\/2025\/11\/jogger-sportif-feminin-en-cours-d-execution-150x150.jpg 150w, https:\/\/frequence-running.com\/blog\/wp-content\/uploads\/2025\/11\/jogger-sportif-feminin-en-cours-d-execution-768x768.jpg 768w, https:\/\/frequence-running.com\/blog\/wp-content\/uploads\/2025\/11\/jogger-sportif-feminin-en-cours-d-execution-1536x1536.jpg 1536w, https:\/\/frequence-running.com\/blog\/wp-content\/uploads\/2025\/11\/jogger-sportif-feminin-en-cours-d-execution-2048x2048.jpg 2048w, https:\/\/frequence-running.com\/blog\/wp-content\/uploads\/2025\/11\/jogger-sportif-feminin-en-cours-d-execution-88x88.jpg 88w, https:\/\/frequence-running.com\/blog\/wp-content\/uploads\/2025\/11\/jogger-sportif-feminin-en-cours-d-execution-900x900.jpg 900w, https:\/\/frequence-running.com\/blog\/wp-content\/uploads\/2025\/11\/jogger-sportif-feminin-en-cours-d-execution-1280x1280.jpg 1280w\" data-src=\"https:\/\/frequence-running.com\/blog\/wp-content\/uploads\/2025\/11\/jogger-sportif-feminin-en-cours-d-execution-1024x1024.jpg\"><\/figure>\n\n\n\n<div style=\"height:60px\" aria-hidden=\"true\" class=\"wp-block-spacer\"><\/div>\n\n\n\n<h2>Les avantages d&rsquo;un abonnement FREQUENCE Running pour l&rsquo;hiver\ud83c\udfc6<\/h2>\n\n\n\n<p>Un<a href=\"https:\/\/frequence-running.com\/blackfriday\/2025\/shop.html\" target=\"_blank\" rel=\"noreferrer noopener\"> <strong>abonnement FREQUENCE Running<\/strong><\/a><strong> <\/strong>est bien plus qu&rsquo;un simple acc\u00e8s \u00e0 des plans d&rsquo;entra\u00eenements : c&rsquo;est un <strong>v\u00e9ritable alli\u00e9 <\/strong>pour rester motiv\u00e9 et progresser en hiver !\ud83d\ude80 Gr\u00e2ce \u00e0 des<strong> programmes personnalis\u00e9s<\/strong>, <strong>adapt\u00e9s <\/strong>\u00e0 ton niveau et \u00e0 tes objectifs, tu progresses ! L&rsquo;application te propose aussi un <strong>suivi d\u00e9taill\u00e9<\/strong> de ta progression, des<strong> conseils nutrition<\/strong> et <strong>r\u00e9cup\u00e9rations<\/strong>, et bien plus encore. Avec<strong> FREQUENCE Running<\/strong>, chaque sortie compte, chaque objectif est \u00e0 port\u00e9e de main ! Ici, la motivation reste intacte, m\u00eame dans les mois les plus exigeants. \ud83d\udcaa\ud83c\udfaf<\/p>\n\n\n\n<div style=\"height:36px\" aria-hidden=\"true\" class=\"wp-block-spacer\"><\/div>\n\n\n\n<h2>Booste ta motivation et affronte l&rsquo;hiver avec FREQUENCE Running \ud83d\udd25\ud83d\ude80<\/h2>\n\n\n\n<p>Le <strong>Black Friday<\/strong>, c&rsquo;est l&rsquo;<strong>occasion parfaite<\/strong> pour <strong>relancer ta motivation <\/strong>et te donner les moyens de rester r\u00e9gulier tout l&rsquo;hiver. En profitant d&rsquo;un<strong> <a href=\"https:\/\/frequence-running.com\/blackfriday\/2025\/shop.html\" target=\"_blank\" rel=\"noreferrer noopener\">abonnement FREQUENCE Running<\/a><\/strong>, \u00e0 prix r\u00e9duit, tu acc\u00e8des \u00e0 des plans personnalis\u00e9s, un suivi de progression en temps r\u00e9el et une communaut\u00e9 qui te soutient ! \ud83c\udfc3\u200d\u2640\ufe0f Fixe-toi de nouveaux objectifs, varie tes entra\u00eenements et rester fid\u00e8le \u00e0 ta routine, m\u00eame quand le froid s&rsquo;installe. Chaque sortie compte, chaque effort te rapproche de tes objectifs ! Alors, profite du Black Friday pour t&rsquo;offrir un<strong> nouvel \u00e9lan et affronter l&rsquo;hiver <\/strong>avec confiance et \u00e9nergie ! <\/p>\n","protected":false},"excerpt":{"rendered":"<p>L&rsquo;hiver approche \u00e0 grands pas, avec ses journ\u00e9es plus court, le froid et parfois la baisse de motivation pour courir. Mais savais-tu que le Black Friday peut \u00eatre l&rsquo;occasion parfaite pour relancer ta passion pour la course \u00e0 pied ? On rentre dans la p\u00e9riode id\u00e9ale pour te fixer de nouveaux objectifs, et t&lsquo;offrir un [&hellip;]<\/p>\n","protected":false},"author":14,"featured_media":15035,"comment_status":"closed","ping_status":"closed","sticky":false,"template":"","format":"standard","meta":{"_mi_skip_tracking":false},"categories":[54,48],"tags":[],"yoast_head":"<!-- This site is optimized with the Yoast SEO plugin v19.1 - https:\/\/yoast.com\/wordpress\/plugins\/seo\/ -->\n<title>Black Friday : le d\u00e9clic pour booster ta motivation running cet hiver \u2744\ufe0f<\/title>\n<meta name=\"description\" content=\"Le Black Friday peut \u00eatre l&#039;occasion parfaite pour relancer ta passion pour la course \u00e0 pied ! Alors n&#039;attends plus et fonce !\" \/>\n<meta name=\"robots\" content=\"index, follow, max-snippet:-1, max-image-preview:large, max-video-preview:-1\" \/>\n<link rel=\"canonical\" href=\"https:\/\/frequence-running.com\/blog\/black-friday-booster-ta-motivation-running-cet-hiver\/\" \/>\n<meta property=\"og:locale\" content=\"fr_FR\" \/>\n<meta property=\"og:type\" content=\"article\" \/>\n<meta property=\"og:title\" content=\"Black Friday : le d\u00e9clic pour booster ta motivation running cet hiver \u2744\ufe0f\" \/>\n<meta property=\"og:description\" content=\"Le Black Friday peut \u00eatre l&#039;occasion parfaite pour relancer ta passion pour la course \u00e0 pied ! Alors n&#039;attends plus et fonce !\" \/>\n<meta property=\"og:url\" content=\"https:\/\/frequence-running.com\/blog\/black-friday-booster-ta-motivation-running-cet-hiver\/\" \/>\n<meta property=\"og:site_name\" content=\"FREQUENCE Running\" \/>\n<meta property=\"article:publisher\" content=\"https:\/\/www.facebook.com\/frequencerunning\/\" \/>\n<meta property=\"article:published_time\" content=\"2025-11-12T14:57:45+00:00\" \/>\n<meta property=\"article:modified_time\" content=\"2025-11-14T11:29:24+00:00\" \/>\n<meta property=\"og:image\" content=\"https:\/\/frequence-running.com\/blog\/wp-content\/uploads\/2025\/11\/homme-run-hiver-scaled.jpg\" \/>\n\t<meta property=\"og:image:width\" content=\"1707\" \/>\n\t<meta property=\"og:image:height\" content=\"2560\" \/>\n\t<meta property=\"og:image:type\" content=\"image\/jpeg\" \/>\n<meta name=\"twitter:card\" content=\"summary_large_image\" \/>\n<meta name=\"twitter:creator\" content=\"@FrequenceRun\" \/>\n<meta name=\"twitter:site\" content=\"@FrequenceRun\" \/>\n<meta name=\"twitter:label1\" content=\"\u00c9crit par\" \/>\n\t<meta name=\"twitter:data1\" content=\"Fa\u00efza Chebli\" \/>\n\t<meta name=\"twitter:label2\" content=\"Dur\u00e9e de lecture estim\u00e9e\" \/>\n\t<meta name=\"twitter:data2\" content=\"4 minutes\" \/>\n<script type=\"application\/ld+json\" class=\"yoast-schema-graph\">{\"@context\":\"https:\/\/schema.org\",\"@graph\":[{\"@type\":\"Organization\",\"@id\":\"https:\/\/frequence-running.com\/blog\/#organization\",\"name\":\"Frequence Running\",\"url\":\"https:\/\/frequence-running.com\/blog\/\",\"sameAs\":[\"https:\/\/www.instagram.com\/frequencerunning\/\",\"https:\/\/www.linkedin.com\/company\/frequence-running\/\",\"https:\/\/www.youtube.com\/channel\/UCCxWpWRcfXVp8KV0HgoJ98w\",\"https:\/\/www.facebook.com\/frequencerunning\/\",\"https:\/\/twitter.com\/FrequenceRun\"],\"logo\":{\"@type\":\"ImageObject\",\"inLanguage\":\"fr-FR\",\"@id\":\"https:\/\/frequence-running.com\/blog\/#\/schema\/logo\/image\/\",\"url\":\"https:\/\/frequence-running.com\/blog\/wp-content\/uploads\/2016\/10\/frequence-icon-long-2.png\",\"contentUrl\":\"https:\/\/frequence-running.com\/blog\/wp-content\/uploads\/2016\/10\/frequence-icon-long-2.png\",\"width\":350,\"height\":109,\"caption\":\"Frequence Running\"},\"image\":{\"@id\":\"https:\/\/frequence-running.com\/blog\/#\/schema\/logo\/image\/\"}},{\"@type\":\"WebSite\",\"@id\":\"https:\/\/frequence-running.com\/blog\/#website\",\"url\":\"https:\/\/frequence-running.com\/blog\/\",\"name\":\"FREQUENCE Running\",\"description\":\"Blog running - conseils - entra\u00eenement\",\"publisher\":{\"@id\":\"https:\/\/frequence-running.com\/blog\/#organization\"},\"potentialAction\":[{\"@type\":\"SearchAction\",\"target\":{\"@type\":\"EntryPoint\",\"urlTemplate\":\"https:\/\/frequence-running.com\/blog\/?s={search_term_string}\"},\"query-input\":\"required name=search_term_string\"}],\"inLanguage\":\"fr-FR\"},{\"@type\":\"ImageObject\",\"inLanguage\":\"fr-FR\",\"@id\":\"https:\/\/frequence-running.com\/blog\/black-friday-booster-ta-motivation-running-cet-hiver\/#primaryimage\",\"url\":\"https:\/\/frequence-running.com\/blog\/wp-content\/uploads\/2025\/11\/homme-run-hiver-scaled.jpg\",\"contentUrl\":\"https:\/\/frequence-running.com\/blog\/wp-content\/uploads\/2025\/11\/homme-run-hiver-scaled.jpg\",\"width\":1707,\"height\":2560},{\"@type\":\"WebPage\",\"@id\":\"https:\/\/frequence-running.com\/blog\/black-friday-booster-ta-motivation-running-cet-hiver\/#webpage\",\"url\":\"https:\/\/frequence-running.com\/blog\/black-friday-booster-ta-motivation-running-cet-hiver\/\",\"name\":\"Black Friday : le d\u00e9clic pour booster ta motivation running cet hiver \u2744\ufe0f\",\"isPartOf\":{\"@id\":\"https:\/\/frequence-running.com\/blog\/#website\"},\"primaryImageOfPage\":{\"@id\":\"https:\/\/frequence-running.com\/blog\/black-friday-booster-ta-motivation-running-cet-hiver\/#primaryimage\"},\"datePublished\":\"2025-11-12T14:57:45+00:00\",\"dateModified\":\"2025-11-14T11:29:24+00:00\",\"description\":\"Le Black Friday peut \u00eatre l'occasion parfaite pour relancer ta passion pour la course \u00e0 pied ! Alors n'attends plus et fonce !\",\"breadcrumb\":{\"@id\":\"https:\/\/frequence-running.com\/blog\/black-friday-booster-ta-motivation-running-cet-hiver\/#breadcrumb\"},\"inLanguage\":\"fr-FR\",\"potentialAction\":[{\"@type\":\"ReadAction\",\"target\":[\"https:\/\/frequence-running.com\/blog\/black-friday-booster-ta-motivation-running-cet-hiver\/\"]}]},{\"@type\":\"BreadcrumbList\",\"@id\":\"https:\/\/frequence-running.com\/blog\/black-friday-booster-ta-motivation-running-cet-hiver\/#breadcrumb\",\"itemListElement\":[{\"@type\":\"ListItem\",\"position\":1,\"name\":\"Accueil\",\"item\":\"https:\/\/frequence-running.com\/blog\/\"},{\"@type\":\"ListItem\",\"position\":2,\"name\":\"Black Friday : le d\u00e9clic pour booster ta motivation running cet hiver \u2744\ufe0f\"}]},{\"@type\":\"Article\",\"@id\":\"https:\/\/frequence-running.com\/blog\/black-friday-booster-ta-motivation-running-cet-hiver\/#article\",\"isPartOf\":{\"@id\":\"https:\/\/frequence-running.com\/blog\/black-friday-booster-ta-motivation-running-cet-hiver\/#webpage\"},\"author\":{\"@id\":\"https:\/\/frequence-running.com\/blog\/#\/schema\/person\/5903ca12f2a81a647dc40aeb0e4278ee\"},\"headline\":\"Black Friday : le d\u00e9clic pour booster ta motivation running cet hiver \u2744\ufe0f\",\"datePublished\":\"2025-11-12T14:57:45+00:00\",\"dateModified\":\"2025-11-14T11:29:24+00:00\",\"mainEntityOfPage\":{\"@id\":\"https:\/\/frequence-running.com\/blog\/black-friday-booster-ta-motivation-running-cet-hiver\/#webpage\"},\"wordCount\":699,\"publisher\":{\"@id\":\"https:\/\/frequence-running.com\/blog\/#organization\"},\"image\":{\"@id\":\"https:\/\/frequence-running.com\/blog\/black-friday-booster-ta-motivation-running-cet-hiver\/#primaryimage\"},\"thumbnailUrl\":\"https:\/\/frequence-running.com\/blog\/wp-content\/uploads\/2025\/11\/homme-run-hiver-scaled.jpg\",\"articleSection\":[\"Application\",\"Ev\u00e8nement\"],\"inLanguage\":\"fr-FR\"},{\"@type\":\"Person\",\"@id\":\"https:\/\/frequence-running.com\/blog\/#\/schema\/person\/5903ca12f2a81a647dc40aeb0e4278ee\",\"name\":\"Fa\u00efza Chebli\",\"url\":\"https:\/\/frequence-running.com\/blog\/author\/faiza\/\"}]}<\/script>\n<!-- \/ Yoast SEO plugin. -->","yoast_head_json":{"title":"Black Friday : le d\u00e9clic pour booster ta motivation running cet hiver \u2744\ufe0f","description":"Le Black Friday peut \u00eatre l'occasion parfaite pour relancer ta passion pour la course \u00e0 pied ! Alors n'attends plus et fonce !","robots":{"index":"index","follow":"follow","max-snippet":"max-snippet:-1","max-image-preview":"max-image-preview:large","max-video-preview":"max-video-preview:-1"},"canonical":"https:\/\/frequence-running.com\/blog\/black-friday-booster-ta-motivation-running-cet-hiver\/","og_locale":"fr_FR","og_type":"article","og_title":"Black Friday : le d\u00e9clic pour booster ta motivation running cet hiver \u2744\ufe0f","og_description":"Le Black Friday peut \u00eatre l'occasion parfaite pour relancer ta passion pour la course \u00e0 pied ! Alors n'attends plus et fonce !","og_url":"https:\/\/frequence-running.com\/blog\/black-friday-booster-ta-motivation-running-cet-hiver\/","og_site_name":"FREQUENCE Running","article_publisher":"https:\/\/www.facebook.com\/frequencerunning\/","article_published_time":"2025-11-12T14:57:45+00:00","article_modified_time":"2025-11-14T11:29:24+00:00","og_image":[{"width":1707,"height":2560,"url":"https:\/\/frequence-running.com\/blog\/wp-content\/uploads\/2025\/11\/homme-run-hiver-scaled.jpg","type":"image\/jpeg"}],"twitter_card":"summary_large_image","twitter_creator":"@FrequenceRun","twitter_site":"@FrequenceRun","twitter_misc":{"\u00c9crit par":"Fa\u00efza Chebli","Dur\u00e9e de lecture estim\u00e9e":"4 minutes"},"schema":{"@context":"https:\/\/schema.org","@graph":[{"@type":"Organization","@id":"https:\/\/frequence-running.com\/blog\/#organization","name":"Frequence Running","url":"https:\/\/frequence-running.com\/blog\/","sameAs":["https:\/\/www.instagram.com\/frequencerunning\/","https:\/\/www.linkedin.com\/company\/frequence-running\/","https:\/\/www.youtube.com\/channel\/UCCxWpWRcfXVp8KV0HgoJ98w","https:\/\/www.facebook.com\/frequencerunning\/","https:\/\/twitter.com\/FrequenceRun"],"logo":{"@type":"ImageObject","inLanguage":"fr-FR","@id":"https:\/\/frequence-running.com\/blog\/#\/schema\/logo\/image\/","url":"https:\/\/frequence-running.com\/blog\/wp-content\/uploads\/2016\/10\/frequence-icon-long-2.png","contentUrl":"https:\/\/frequence-running.com\/blog\/wp-content\/uploads\/2016\/10\/frequence-icon-long-2.png","width":350,"height":109,"caption":"Frequence Running"},"image":{"@id":"https:\/\/frequence-running.com\/blog\/#\/schema\/logo\/image\/"}},{"@type":"WebSite","@id":"https:\/\/frequence-running.com\/blog\/#website","url":"https:\/\/frequence-running.com\/blog\/","name":"FREQUENCE Running","description":"Blog running - conseils - entra\u00eenement","publisher":{"@id":"https:\/\/frequence-running.com\/blog\/#organization"},"potentialAction":[{"@type":"SearchAction","target":{"@type":"EntryPoint","urlTemplate":"https:\/\/frequence-running.com\/blog\/?s={search_term_string}"},"query-input":"required name=search_term_string"}],"inLanguage":"fr-FR"},{"@type":"ImageObject","inLanguage":"fr-FR","@id":"https:\/\/frequence-running.com\/blog\/black-friday-booster-ta-motivation-running-cet-hiver\/#primaryimage","url":"https:\/\/frequence-running.com\/blog\/wp-content\/uploads\/2025\/11\/homme-run-hiver-scaled.jpg","contentUrl":"https:\/\/frequence-running.com\/blog\/wp-content\/uploads\/2025\/11\/homme-run-hiver-scaled.jpg","width":1707,"height":2560},{"@type":"WebPage","@id":"https:\/\/frequence-running.com\/blog\/black-friday-booster-ta-motivation-running-cet-hiver\/#webpage","url":"https:\/\/frequence-running.com\/blog\/black-friday-booster-ta-motivation-running-cet-hiver\/","name":"Black Friday : le d\u00e9clic pour booster ta motivation running cet hiver \u2744\ufe0f","isPartOf":{"@id":"https:\/\/frequence-running.com\/blog\/#website"},"primaryImageOfPage":{"@id":"https:\/\/frequence-running.com\/blog\/black-friday-booster-ta-motivation-running-cet-hiver\/#primaryimage"},"datePublished":"2025-11-12T14:57:45+00:00","dateModified":"2025-11-14T11:29:24+00:00","description":"Le Black Friday peut \u00eatre l'occasion parfaite pour relancer ta passion pour la course \u00e0 pied ! Alors n'attends plus et fonce !","breadcrumb":{"@id":"https:\/\/frequence-running.com\/blog\/black-friday-booster-ta-motivation-running-cet-hiver\/#breadcrumb"},"inLanguage":"fr-FR","potentialAction":[{"@type":"ReadAction","target":["https:\/\/frequence-running.com\/blog\/black-friday-booster-ta-motivation-running-cet-hiver\/"]}]},{"@type":"BreadcrumbList","@id":"https:\/\/frequence-running.com\/blog\/black-friday-booster-ta-motivation-running-cet-hiver\/#breadcrumb","itemListElement":[{"@type":"ListItem","position":1,"name":"Accueil","item":"https:\/\/frequence-running.com\/blog\/"},{"@type":"ListItem","position":2,"name":"Black Friday : le d\u00e9clic pour booster ta motivation running cet hiver \u2744\ufe0f"}]},{"@type":"Article","@id":"https:\/\/frequence-running.com\/blog\/black-friday-booster-ta-motivation-running-cet-hiver\/#article","isPartOf":{"@id":"https:\/\/frequence-running.com\/blog\/black-friday-booster-ta-motivation-running-cet-hiver\/#webpage"},"author":{"@id":"https:\/\/frequence-running.com\/blog\/#\/schema\/person\/5903ca12f2a81a647dc40aeb0e4278ee"},"headline":"Black Friday : le d\u00e9clic pour booster ta motivation running cet hiver \u2744\ufe0f","datePublished":"2025-11-12T14:57:45+00:00","dateModified":"2025-11-14T11:29:24+00:00","mainEntityOfPage":{"@id":"https:\/\/frequence-running.com\/blog\/black-friday-booster-ta-motivation-running-cet-hiver\/#webpage"},"wordCount":699,"publisher":{"@id":"https:\/\/frequence-running.com\/blog\/#organization"},"image":{"@id":"https:\/\/frequence-running.com\/blog\/black-friday-booster-ta-motivation-running-cet-hiver\/#primaryimage"},"thumbnailUrl":"https:\/\/frequence-running.com\/blog\/wp-content\/uploads\/2025\/11\/homme-run-hiver-scaled.jpg","articleSection":["Application","Ev\u00e8nement"],"inLanguage":"fr-FR"},{"@type":"Person","@id":"https:\/\/frequence-running.com\/blog\/#\/schema\/person\/5903ca12f2a81a647dc40aeb0e4278ee","name":"Fa\u00efza Chebli","url":"https:\/\/frequence-running.com\/blog\/author\/faiza\/"}]}},"_links":{"self":[{"href":"https:\/\/frequence-running.com\/blog\/wp-json\/wp\/v2\/posts\/15027"}],"collection":[{"href":"https:\/\/frequence-running.com\/blog\/wp-json\/wp\/v2\/posts"}],"about":[{"href":"https:\/\/frequence-running.com\/blog\/wp-json\/wp\/v2\/types\/post"}],"author":[{"embeddable":true,"href":"https:\/\/frequence-running.com\/blog\/wp-json\/wp\/v2\/users\/14"}],"replies":[{"embeddable":true,"href":"https:\/\/frequence-running.com\/blog\/wp-json\/wp\/v2\/comments?post=15027"}],"version-history":[{"count":33,"href":"https:\/\/frequence-running.com\/blog\/wp-json\/wp\/v2\/posts\/15027\/revisions"}],"predecessor-version":[{"id":15064,"href":"https:\/\/frequence-running.com\/blog\/wp-json\/wp\/v2\/posts\/15027\/revisions\/15064"}],"wp:featuredmedia":[{"embeddable":true,"href":"https:\/\/frequence-running.com\/blog\/wp-json\/wp\/v2\/media\/15035"}],"wp:attachment":[{"href":"https:\/\/frequence-running.com\/blog\/wp-json\/wp\/v2\/media?parent=15027"}],"wp:term":[{"taxonomy":"category","embeddable":true,"href":"https:\/\/frequence-running.com\/blog\/wp-json\/wp\/v2\/categories?post=15027"},{"taxonomy":"post_tag","embeddable":true,"href":"https:\/\/frequence-running.com\/blog\/wp-json\/wp\/v2\/tags?post=15027"}],"curies":[{"name":"wp","href":"https:\/\/api.w.org\/{rel}","templated":true}]}}